{"id":1883,"date":"2017-02-13T20:29:47","date_gmt":"2017-02-13T19:29:47","guid":{"rendered":"http:\/\/www.podistipercaso.it\/home\/?p=1883"},"modified":"2017-02-27T20:30:01","modified_gmt":"2017-02-27T19:30:01","slug":"la-asd-no-al-doping-e-alla-droga-presente-alla-mezza-maratona-di-capo-dorlando","status":"publish","type":"post","link":"https:\/\/www.podistipercaso.it\/home\/la-asd-no-al-doping-e-alla-droga-presente-alla-mezza-maratona-di-capo-dorlando\/","title":{"rendered":"La ASD NO AL DOPING E ALLA DROGA presente alla Mezza Maratona di Capo d\u2019Orlando"},"content":{"rendered":"<p style=\"text-align: justify;\"><span style=\"color: #000000;\"><a href=\"https:\/\/www.podistipercaso.it\/home\/wp-content\/uploads\/2017\/02\/La-ASD-NO-AL-DOPING-E-ALLA-DROGA2.jpg\"><img loading=\"lazy\" decoding=\"async\" class=\"alignleft size-medium wp-image-1885\" src=\"https:\/\/www.podistipercaso.it\/home\/wp-content\/uploads\/2017\/02\/La-ASD-NO-AL-DOPING-E-ALLA-DROGA2-225x300.jpg\" alt=\"la-asd-no-al-doping-e-alla-droga2\" width=\"225\" height=\"300\" srcset=\"https:\/\/www.podistipercaso.it\/home\/wp-content\/uploads\/2017\/02\/La-ASD-NO-AL-DOPING-E-ALLA-DROGA2-225x300.jpg 225w, https:\/\/www.podistipercaso.it\/home\/wp-content\/uploads\/2017\/02\/La-ASD-NO-AL-DOPING-E-ALLA-DROGA2.jpg 652w\" sizes=\"auto, (max-width: 225px) 100vw, 225px\" \/><\/a>Un folto gruppo di podisti della A.S.D. No al Doping e alla droga ha gareggiato domenica 12 febbraio alla Mezza Maratona di Capo d\u2019Orlando, piazzando i propri componenti in ottime posizioni nella classifica finale. Aumenta la \u201cfebbre\u201d della corsa in provincia di Ragusa e ad ogni manifestazione, con sempre pi\u00f9 corridori, l\u2019associazione iblea fa sentire la propria voce. Questa volta \u00e8 toccata alla settima edizione della Mezza Maratona di Capo d\u2019Orlando dove 11 podisti, fra cui il vincitore e la vincitrice della quattordicesima Maratona di Ragusa, edizione 2017, hanno tenuto alti i valori dello sport sano e leale che contraddistinguono la societ\u00e0 iblea. Giuseppe Licitra con il tempo di 1h 24\u2019 34\u2019\u2019 si \u00e8 piazzato al 61\u00b0 posto, 13\u00b0\u00a0 della sua categoria. Cosimo Azzollini 1h 24\u2019 37\u2019\u2019 al 63\u00b0 posto, 18\u00b0 di categoria. Antonino Iozzia con un tempo di 1h 30\u2019 31\u2019\u2019. Vincenzo Azzollini 1h 33\u2019 14\u2019\u2019. Giombattista Liguori 1h 33\u2019 34\u2019\u2019. Andrea Marangio 1h 33\u2019 44\u2019\u2019. Elisa Simonelli 1h 40\u2019 19\u2019\u2019 con un ottimo 4\u00b0 posto di categoria. Guseppe Fanara 1h 40\u2019 41\u2019\u2019. Cristian Lagana 1h 46\u2019 46\u2019\u2019. Pietro Carbonaro 2h 24\u2019 05\u2019\u2019 e Luciano Caminiti 2h 38\u2019 26\u2019\u2019.<\/span><\/p>\n<p style=\"text-align: justify;\"><span style=\"color: #000000;\"><a href=\"https:\/\/www.podistipercaso.it\/home\/wp-content\/uploads\/2017\/02\/La-ASD-NO-AL-DOPING-E-ALLA-DROGA.jpg\"><img loading=\"lazy\" decoding=\"async\" class=\"alignleft size-medium wp-image-1884\" src=\"https:\/\/www.podistipercaso.it\/home\/wp-content\/uploads\/2017\/02\/La-ASD-NO-AL-DOPING-E-ALLA-DROGA-225x300.jpg\" alt=\"la-asd-no-al-doping-e-alla-droga\" width=\"225\" height=\"300\" srcset=\"https:\/\/www.podistipercaso.it\/home\/wp-content\/uploads\/2017\/02\/La-ASD-NO-AL-DOPING-E-ALLA-DROGA-225x300.jpg 225w, https:\/\/www.podistipercaso.it\/home\/wp-content\/uploads\/2017\/02\/La-ASD-NO-AL-DOPING-E-ALLA-DROGA-768x1024.jpg 768w, https:\/\/www.podistipercaso.it\/home\/wp-content\/uploads\/2017\/02\/La-ASD-NO-AL-DOPING-E-ALLA-DROGA.jpg 898w\" sizes=\"auto, (max-width: 225px) 100vw, 225px\" \/><\/a>E gli appuntamenti sportivi non finiscono qui. I primi mesi dell\u2019anno vedono gi\u00e0 programmati due imperdibili appuntamenti di Trail Running. Il primo per il 26 febbraio con la gara \u201cEco-trail Cave Iblee\u201d, che avr\u00e0 luogo proprio a Ibla e attraverser\u00e0 per 17 km le fantastiche cave iblee. L\u2019evento \u00e8 organizzato dalla UISP IBLEI, dalla NO AL DOPING E ALLA DROGA di Ibla e dalle societ\u00e0 AMUN\u00ec, SIEMU A PERI e TRE COLLI\u00a0 di Scicli. Oltre alla gara di Trail ci sar\u00e0 infatti una gara di walktrail inserito nel primo Grand Prix Ibleo di Walk Trail. La partecipazione \u00e8 aperta a tutti puch\u00e8 muniti di adeguato certificato medico e associati a regolari societ\u00e0 sportive. Per info contattare G. Causarano al 3315785084. Il secondo appuntamento \u00e8 programmato per giorno 12 marzo a Vittoria con la seconda tappa del circuito Ecotrail Sicilia, l\u2019Ecotrail Valle dell\u2019Ippari. Un\u2019avventuroso tuffo nella natura selvaggia della Riserva del Pino d\u2019Aleppo.\u00a0<\/span><\/p>\n","protected":false},"excerpt":{"rendered":"<p>Un folto gruppo di podisti della A.S.D. No al Doping e alla droga ha gareggiato domenica 12 febbraio alla Mezza Maratona di Capo d\u2019Orlando, piazzando i propri componenti in ottime posizioni nella classifica finale. Aumenta la \u201cfebbre\u201d della corsa in provincia di Ragusa e ad ogni manifestazione, con sempre pi\u00f9 corridori, l\u2019associazione iblea fa sentire [&hellip;]<\/p>\n","protected":false},"author":1,"featured_media":0,"comment_status":"closed","ping_status":"closed","sticky":false,"template":"","format":"standard","meta":{"_jetpack_memberships_contains_paid_content":false,"footnotes":""},"categories":[4],"tags":[],"class_list":["post-1883","post","type-post","status-publish","format-standard","hentry","category-comunicati-stampa"],"jetpack_featured_media_url":"","jetpack_sharing_enabled":true,"_links":{"self":[{"href":"https:\/\/www.podistipercaso.it\/home\/wp-json\/wp\/v2\/posts\/1883","targetHints":{"allow":["GET"]}}],"collection":[{"href":"https:\/\/www.podistipercaso.it\/home\/wp-json\/wp\/v2\/posts"}],"about":[{"href":"https:\/\/www.podistipercaso.it\/home\/wp-json\/wp\/v2\/types\/post"}],"author":[{"embeddable":true,"href":"https:\/\/www.podistipercaso.it\/home\/wp-json\/wp\/v2\/users\/1"}],"replies":[{"embeddable":true,"href":"https:\/\/www.podistipercaso.it\/home\/wp-json\/wp\/v2\/comments?post=1883"}],"version-history":[{"count":1,"href":"https:\/\/www.podistipercaso.it\/home\/wp-json\/wp\/v2\/posts\/1883\/revisions"}],"predecessor-version":[{"id":1886,"href":"https:\/\/www.podistipercaso.it\/home\/wp-json\/wp\/v2\/posts\/1883\/revisions\/1886"}],"wp:attachment":[{"href":"https:\/\/www.podistipercaso.it\/home\/wp-json\/wp\/v2\/media?parent=1883"}],"wp:term":[{"taxonomy":"category","embeddable":true,"href":"https:\/\/www.podistipercaso.it\/home\/wp-json\/wp\/v2\/categories?post=1883"},{"taxonomy":"post_tag","embeddable":true,"href":"https:\/\/www.podistipercaso.it\/home\/wp-json\/wp\/v2\/tags?post=1883"}],"curies":[{"name":"wp","href":"https:\/\/api.w.org\/{rel}","templated":true}]}}